[{"@context":"https:\/\/schema.org\/","@type":"Article","@id":"https:\/\/www.eopta.cz\/ekonomice-dari-odbory-z-toho-chteji-tezit\/#Article","mainEntityOfPage":"https:\/\/www.eopta.cz\/ekonomice-dari-odbory-z-toho-chteji-tezit\/","headline":"Ekonomice da\u0159\u00ed, odbory z toho cht\u011bj\u00ed t\u011b\u017eit!","name":"Ekonomice da\u0159\u00ed, odbory z toho cht\u011bj\u00ed t\u011b\u017eit!","description":"Pakli\u017ee nekoresponduje n\u00e1r\u016fst mezd a n\u00e1r\u016fst produktivity, m\u016f\u017ee to vyvolat slepou uli\u010dku, proto\u017ee bychom se bl\u00ed\u017eili vzoru N\u011bmecka. To, \u017ee se n\u011bjakou dobu da\u0159\u00ed na\u0161\u00ed ekonomice, nen\u00ed samo sebou, a ka\u017ed\u00e1 velk\u00e1 a dramatick\u00e1 zm\u011bna n\u00e1s zase rychle vr\u00e1t\u00ed nohama na zem. Krat\u0161\u00ed pracovn\u00ed doba Dlouhodob\u00fdm trendem je zkracov\u00e1n\u00ed pracovn\u00ed doby, tedy se d\u00e1 p\u0159edpokl\u00e1dat, [&hellip;]","datePublished":"2025-02-27","dateModified":"2023-04-30","author":{"@type":"Person","@id":"https:\/\/www.eopta.cz\/author\/#Person","name":"","url":"https:\/\/www.eopta.cz\/author\/","identifier":1,"image":{"@type":"ImageObject","@id":"https:\/\/secure.gravatar.com\/avatar\/9cae764794acc12213aa530e21558ed2bd96c03f91e0c3ad21cc1905765be658?s=96&d=mm&r=g","url":"https:\/\/secure.gravatar.com\/avatar\/9cae764794acc12213aa530e21558ed2bd96c03f91e0c3ad21cc1905765be658?s=96&d=mm&r=g","height":96,"width":96}},"publisher":{"@type":"Organization","name":"eopta.cz","logo":{"@type":"ImageObject","@id":"\/logo.png","url":"\/logo.png","width":600,"height":60}},"image":{"@type":"ImageObject","@id":"https:\/\/www.eopta.cz\/wp-content\/uploads\/img_a316551_w1903_t1527577253.jpg","url":"https:\/\/www.eopta.cz\/wp-content\/uploads\/img_a316551_w1903_t1527577253.jpg","height":0,"width":0},"url":"https:\/\/www.eopta.cz\/ekonomice-dari-odbory-z-toho-chteji-tezit\/","wordCount":428,"articleBody":"Pakli\u017ee nekoresponduje n\u00e1r\u016fst mezd a n\u00e1r\u016fst produktivity, m\u016f\u017ee to vyvolat slepou uli\u010dku, proto\u017ee bychom se bl\u00ed\u017eili vzoru N\u011bmecka. To, \u017ee se n\u011bjakou dobu da\u0159\u00ed na\u0161\u00ed ekonomice, nen\u00ed samo sebou, a ka\u017ed\u00e1 velk\u00e1 a dramatick\u00e1 zm\u011bna n\u00e1s zase rychle vr\u00e1t\u00ed nohama na zem.Krat\u0161\u00ed pracovn\u00ed dobaDlouhodob\u00fdm trendem je zkracov\u00e1n\u00ed pracovn\u00ed doby, tedy se d\u00e1 p\u0159edpokl\u00e1dat, \u017ee i u n\u00e1s se odbor\u00e1\u0159i do\u010dkaj\u00ed t\u00e9to zm\u011bny. Nen\u00ed to v\u0161ak nic, co by se m\u011blo st\u00e1t okam\u017eit\u011b, proto\u017ee by to zase prohloubilo probl\u00e9my, kter\u00e9 u\u017e nyn\u00ed jsou se zam\u011bstnanost\u00ed. V moment\u011b zkr\u00e1cen\u00ed pracovn\u00ed doby by se probl\u00e9m je\u0161t\u011b dramatizoval a nebylo by dostatek pracovn\u00edch sil.Ve zpracovatelsk\u00e9m pr\u016fmyslu v\u016fbec nen\u00ed takov\u00e1 produktivita, jako ve vysp\u011blej\u0161\u00edch zem\u00edch, tedy se mus\u00ed jednat \u00a0jin\u00e9 zm\u011bny p\u0159ed t\u00edm, ne\u017e se zkr\u00e1t\u00ed pracovn\u00ed doba. Nap\u0159\u00edklad organizace pr\u00e1ce se mus\u00ed zm\u011bnit. Aktu\u00e1ln\u00edm trendem tedy je, \u017ee existuje hodn\u011b pracuj\u00edc\u00edch lid\u00ed, kte\u0159\u00ed nemaj\u00ed pevnou pracovn\u00ed dobu.Odbory u n\u00e1sProti jin\u00fdm zem\u00edm u n\u00e1s odbory nemaj\u00ed takovou s\u00edlu. Proto je i jasn\u00e9, \u017ee po\u017eadavek na zkracov\u00e1n\u00ed pracovn\u00ed doby nen\u00ed zcela davov\u00fdm p\u0159\u00e1n\u00edm, ale sp\u00ed\u0161e ur\u010dit\u00e9 \u010d\u00e1sti zam\u011bstnan\u00fdch. V \u010cesk\u00e9 republice je v odborech p\u0159ibli\u017en\u011b 400.000 osob, zat\u00edmco zam\u011bstnan\u00fdch pracuj\u00edc\u00edch lid\u00ed je n\u011bkolik milionu. V na\u0161\u00ed zemi tedy odbory, i p\u0159es velmi agresivn\u00ed a populistickou politiku, nemaj\u00ed nijak zvl\u00e1\u0161tn\u00ed slovo.Zv\u00fd\u0161en\u00ed mezdHned po zkracov\u00e1n\u00ed pracovn\u00ed doby tedy odbory tou\u017e\u00ed po zvy\u0161ov\u00e1n\u00ed mezd. Jak u\u017e bylo uvedeno, je nesmysl rapidn\u011b mzdy zvy\u0161ovat, i kdy\u017e samoz\u0159ejm\u011b ur\u010dit\u00e9 zvy\u0161ov\u00e1n\u00ed je v po\u0159\u00e1dku. I kdy\u017e se zd\u00e1, \u017ee zam\u011bstnavateli toto m\u016f\u017ee b\u00fdt jedno a s\u00e1m si \u0161kudl\u00ed pro sebe, nen\u00ed tomu tak, proto\u017ee zvy\u0161ov\u00e1n\u00ed mezd zvy\u0161uje mnohon\u00e1sobn\u011b zam\u011bstnavateli v\u00fd\u0161i odvod\u016f za ka\u017ed\u00e9ho jednoho zam\u011bstnance.Situace kolem zved\u00e1n\u00ed mezd se \u0159e\u0161\u00ed p\u0159irozen\u011b sama, nen\u00ed t\u0159eba na ni nijak zvl\u00e1\u0161\u0165 tla\u010dit. Je to hlavn\u011b z toho d\u016fvodu, \u017ee je za posledn\u00edch n\u011bkolik let nejni\u017e\u0161\u00ed nezam\u011bstnanost, t\u00edm se automaticky bojuje o ka\u017ed\u00e9ho dal\u0161\u00edho zam\u011bstnance a p\u0159irozen\u011b se zvedaj\u00ed i mzdy.                                                                                                                                                                                                                                                                                                                                                                                        4.7\/5 - (6 votes)        "},{"@context":"https:\/\/schema.org\/","@type":"BreadcrumbList","itemListElement":[{"@type":"ListItem","position":1,"name":"Ekonomice da\u0159\u00ed, odbory z toho cht\u011bj\u00ed t\u011b\u017eit!","item":"https:\/\/www.eopta.cz\/ekonomice-dari-odbory-z-toho-chteji-tezit\/#breadcrumbitem"}]}]