[{"@context":"https:\/\/schema.org\/","@type":"Article","@id":"https:\/\/www.eopta.cz\/neprehrivejte-se\/#Article","mainEntityOfPage":"https:\/\/www.eopta.cz\/neprehrivejte-se\/","headline":"Nep\u0159eh\u0159\u00edvejte se","name":"Nep\u0159eh\u0159\u00edvejte se","description":"V na\u0161\u00ed zem\u011bpisn\u00e9 \u0161\u00ed\u0159ce jsme zvykl\u00ed na st\u0159\u00edd\u00e1n\u00ed ro\u010dn\u00edch obdob\u00ed. V zim\u011b se h\u0159ejeme u topen\u00ed a \u010dek\u00e1me a\u017e bude l\u00e9to. A v l\u00e9t\u011b je n\u00e1m horko a sna\u017e\u00edme se n\u011bjak ochladit. Probl\u00e9m, kter\u00fd se posledn\u00ed dobou trochu stup\u0148uje, jsou st\u00e1le se zvy\u0161uj\u00edc\u00ed letn\u00ed teploty. Jsme-li v l\u00e9t\u011b u mo\u0159e, tak n\u00e1m velk\u00e1 vedra nevad\u00ed, [&hellip;]","datePublished":"2022-03-28","dateModified":"2024-02-01","author":{"@type":"Person","@id":"https:\/\/www.eopta.cz\/author\/#Person","name":"","url":"https:\/\/www.eopta.cz\/author\/","identifier":1,"image":{"@type":"ImageObject","@id":"https:\/\/secure.gravatar.com\/avatar\/9cae764794acc12213aa530e21558ed2bd96c03f91e0c3ad21cc1905765be658?s=96&d=mm&r=g","url":"https:\/\/secure.gravatar.com\/avatar\/9cae764794acc12213aa530e21558ed2bd96c03f91e0c3ad21cc1905765be658?s=96&d=mm&r=g","height":96,"width":96}},"publisher":{"@type":"Organization","name":"eopta.cz","logo":{"@type":"ImageObject","@id":"\/logo.png","url":"\/logo.png","width":600,"height":60}},"image":{"@type":"ImageObject","@id":"https:\/\/www.eopta.cz\/wp-content\/uploads\/woman-ged6fa2bad_640.png","url":"https:\/\/www.eopta.cz\/wp-content\/uploads\/woman-ged6fa2bad_640.png","height":0,"width":0},"url":"https:\/\/www.eopta.cz\/neprehrivejte-se\/","about":["Zbo\u017e\u00ed"],"wordCount":408,"articleBody":"        V na\u0161\u00ed zem\u011bpisn\u00e9 \u0161\u00ed\u0159ce jsme zvykl\u00ed na st\u0159\u00edd\u00e1n\u00ed ro\u010dn\u00edch obdob\u00ed. V zim\u011b se h\u0159ejeme u topen\u00ed a \u010dek\u00e1me a\u017e bude l\u00e9to. A v l\u00e9t\u011b je n\u00e1m horko a sna\u017e\u00edme se n\u011bjak ochladit. Probl\u00e9m, kter\u00fd se posledn\u00ed dobou trochu stup\u0148uje, jsou st\u00e1le se zvy\u0161uj\u00edc\u00ed letn\u00ed teploty.Jsme-li v l\u00e9t\u011b u mo\u0159e, tak n\u00e1m velk\u00e1 vedra nevad\u00ed, ochlad\u00edme se v mo\u0159i a v noci si pust\u00edme na pokoji klimatizaci. Klimatizace je to, co vyhled\u00e1v\u00e1me, kdy\u017e pl\u00e1nujeme dovolenou a vyb\u00edr\u00e1me si z\u00e1jezd. Pokud je klimatizace v cen\u011b, je to jednozna\u010dn\u011b v\u00fdhodn\u00e9, ale i dokoupen\u00ed klimatizace jsme ochotni podstoupit. V\u0161ichni toti\u017e v\u00edme, \u017ee v p\u0159eh\u0159\u00e1t\u00e9m pokoji se sp\u00e1t ned\u00e1. Jen\u017ee co d\u011blat, kdy\u017e sed\u00edme v kancel\u00e1\u0159i a venkovn\u00ed teploty jsou nad 30\u00b0? Otev\u0159\u00edt okno je skoro sebevra\u017eda a uvnit\u0159 je ned\u00fdchatelno? M\u016f\u017eete zatla\u010dit na \u0161\u00e9fa, a\u0165 v\u00e1m po\u0159\u00edd\u00ed klimatizaci! Klimatizace v parn\u00e9m l\u00e9t\u011b je jedinou mo\u017enost\u00ed, jak se v kancel\u00e1\u0159i neuva\u0159it, pokud nechcete co chv\u00edli b\u011bhat do kuchy\u0148ky a strkat hlavu do ledni\u010dky. Brno klimatizace nab\u00edz\u00ed cenov\u011b p\u0159\u00edstupn\u00e9 klimatiza\u010dn\u00ed jednotky, kter\u00e9 va\u0161im zam\u011bstnanc\u016fm zp\u0159\u00edjemn\u00ed pr\u00e1ci v parn\u00fdch letn\u00edch dnech. A i v zim\u011b je mo\u017enost vyu\u017e\u00edvat klimatizace k oh\u0159\u00edv\u00e1n\u00ed vzduchu.P\u0159\u00edpustn\u00e9 teploty na pracovi\u0161ti jsou d\u00e1ny normou a p\u0159i p\u0159ekro\u010den\u00ed teploty na pracovi\u0161t\u011b m\u00e1te n\u00e1rok na pitn\u00fd re\u017eim. Jste-li hodn\u00fd \u0161\u00e9f, m\u016f\u017eete kupovat sv\u00fdm zam\u011bstnanc\u016fm nanuky a nechat je sed\u011bt s nohami v kybl\u00edku se studenou vodou, ale v\u011b\u0159te, \u017ee v\u00edce ocen\u00ed funk\u010dn\u00ed klimatizaci, kter\u00e1 vytvo\u0159\u00ed teplotn\u011b p\u0159ijateln\u00e9 prost\u0159ed\u00ed. V parn\u00e9m l\u00e9t\u011b v kancel\u00e1\u0159i v\u00e1m jist\u011b pom\u016f\u017ee stoln\u00ed ventil\u00e1tor, ale v praxi jen rozv\u00ed\u0159\u00ed prach po cel\u00e9 m\u00edstnosti. Funk\u010dn\u00ed, kvalitn\u011b se\u0159\u00edzen\u00e1 a nastaven\u00e1 klimatizace zp\u0159\u00edjemn\u00ed pracovn\u00ed prost\u0159ed\u00ed a nastav\u00edte-li teplotu v m\u00edstnosti na spr\u00e1vnou teplotu, nehroz\u00ed v\u00e1m letn\u00ed ang\u00edna, ale p\u0159\u00edjemn\u011b str\u00e1v\u00edte \u010das v pr\u00e1ci, \u017ee se v\u00e1m ani nebude cht\u00edt vych\u00e1zet ven do toho vedra.                                                                                                                                                                                                                                                                                                                                                                                          3.7\/5 - (7 votes)        "},{"@context":"https:\/\/schema.org\/","@type":"BreadcrumbList","itemListElement":[{"@type":"ListItem","position":1,"name":"Nep\u0159eh\u0159\u00edvejte se","item":"https:\/\/www.eopta.cz\/neprehrivejte-se\/#breadcrumbitem"}]}]