[{"@context":"https:\/\/schema.org\/","@type":"Article","@id":"https:\/\/www.eopta.cz\/o-vlivu-pocasi-a-podnebneho-pasu-na-zahranicni-stehovani\/#Article","mainEntityOfPage":"https:\/\/www.eopta.cz\/o-vlivu-pocasi-a-podnebneho-pasu-na-zahranicni-stehovani\/","headline":"O vlivu po\u010das\u00ed a podnebn\u00e9ho p\u00e1su na zahrani\u010dn\u00ed st\u011bhov\u00e1n\u00ed","name":"O vlivu po\u010das\u00ed a podnebn\u00e9ho p\u00e1su na zahrani\u010dn\u00ed st\u011bhov\u00e1n\u00ed","description":"Evropa je zaj\u00edmav\u00fd kontinent. Nab\u00edz\u00ed n\u00e1m pom\u011brn\u011b \u0161irok\u00fd rozsah mo\u017enost\u00ed, co se t\u00fd\u010de podnebn\u00fdch p\u00e1s\u016f. Komu vyhovuje chladn\u00e9 podneb\u00ed, m\u016f\u017ee se p\u0159esunout v\u00edce na sever, tak\u017ee nebude str\u00e1dat \u010dast\u00fdmi vlnami tropick\u00fdch veder. A naopak komu nevyhovuje chlad, bude se l\u00e9pe c\u00edtit v\u00edce na jihu, nap\u0159\u00edklad v Chorvatsku nebo v It\u00e1lii. Podneb\u00ed tak\u00e9 m\u016f\u017ee m\u00edt v\u00fdznamn\u00fd [&hellip;]","datePublished":"2025-11-14","dateModified":"2025-11-14","author":{"@type":"Person","@id":"https:\/\/www.eopta.cz\/author\/#Person","name":"","url":"https:\/\/www.eopta.cz\/author\/","identifier":1,"image":{"@type":"ImageObject","@id":"https:\/\/secure.gravatar.com\/avatar\/9cae764794acc12213aa530e21558ed2bd96c03f91e0c3ad21cc1905765be658?s=96&d=mm&r=g","url":"https:\/\/secure.gravatar.com\/avatar\/9cae764794acc12213aa530e21558ed2bd96c03f91e0c3ad21cc1905765be658?s=96&d=mm&r=g","height":96,"width":96}},"publisher":{"@type":"Organization","name":"eopta.cz","logo":{"@type":"ImageObject","@id":"\/logo.png","url":"\/logo.png","width":600,"height":60}},"image":{"@type":"ImageObject","@id":"https:\/\/www.eopta.cz\/wp-content\/uploads\/cat-1999679_640_8.jpg","url":"https:\/\/www.eopta.cz\/wp-content\/uploads\/cat-1999679_640_8.jpg","height":0,"width":0},"url":"https:\/\/www.eopta.cz\/o-vlivu-pocasi-a-podnebneho-pasu-na-zahranicni-stehovani\/","about":["Podnik\u00e1n\u00ed"],"wordCount":422,"articleBody":"      Evropa je zaj\u00edmav\u00fd kontinent. Nab\u00edz\u00ed n\u00e1m pom\u011brn\u011b \u0161irok\u00fd rozsah mo\u017enost\u00ed, co se t\u00fd\u010de podnebn\u00fdch p\u00e1s\u016f. Komu vyhovuje chladn\u00e9 podneb\u00ed, m\u016f\u017ee se p\u0159esunout v\u00edce na sever, tak\u017ee nebude str\u00e1dat \u010dast\u00fdmi vlnami tropick\u00fdch veder. A naopak komu nevyhovuje chlad, bude se l\u00e9pe c\u00edtit v\u00edce na jihu, nap\u0159\u00edklad v Chorvatsku nebo v It\u00e1lii. Podneb\u00ed tak\u00e9 m\u016f\u017ee m\u00edt v\u00fdznamn\u00fd vliv na st\u011bhov\u00e1n\u00ed. Jestli\u017ee si objedn\u00e1te mezin\u00e1rodn\u00ed st\u011bhov\u00e1n\u00ed na jih It\u00e1lie v \u010dervenci, po\u010d\u00edtejte tu s pom\u011brn\u011b vysok\u00fdmi teplotami, kter\u00e9 mohou st\u011bhov\u00e1n\u00ed komplikovat. Komplikace se tak\u00e9 mohou vyskytnout p\u0159i st\u011bhov\u00e1n\u00ed do Finska, kdy\u017e se st\u011bhujete v\u00edce do vnitrozem\u00ed, do bl\u00edzkosti pol\u00e1rn\u00edho kruhu v zimn\u00edm obdob\u00ed. Jednak tu m\u016f\u017eete b\u00fdt zasti\u017eeni sn\u011b\u017een\u00edm, n\u00e1mrazou a teplotami pod bodem mrazu, a pak tak\u00e9 pol\u00e1rn\u00ed noc\u00ed. Chcete-li si zahrani\u010dn\u00ed st\u011bhov\u00e1n\u00ed usnadnit, je rozumn\u00e9 pe\u010dliv\u011b zv\u00e1\u017eit v\u00fdb\u011br term\u00ednu st\u011bhovac\u00ed akce a p\u0159\u00edpadn\u011b st\u011bhov\u00e1n\u00ed p\u0159esunout na jindy. Mezin\u00e1rodn\u00ed st\u011bhov\u00e1n\u00ed https:\/\/www.zahranicnistehovani.cz\/ tak\u00e9 zpravidla prob\u00edh\u00e1 na jeden z\u00e1tah kamionem nad 3,5 tuny a tato vozidla mus\u00ed dodr\u017eovat dopravn\u00ed p\u0159edpisy, co\u017e znamen\u00e1, \u017ee se na n\u011b mohou vztahovat z\u00e1kazy vjezdu na mnoh\u00e9 evropsk\u00e9 d\u00e1lnice v n\u011bkter\u00fdch hodin\u00e1ch o v\u00edkendech a sv\u00e1tc\u00edch a n\u011bkdy i v p\u00e1tek.Je tedy rozumn\u00e9 st\u011bhov\u00e1n\u00ed p\u0159esunout na jin\u00e9 dny v t\u00fddnu, j\u00e1 osobn\u011b bych v\u00e1m doporu\u010dil st\u011bhov\u00e1n\u00ed ve st\u0159edu, kdy se ji\u017e l\u00e1me pracovn\u00ed t\u00fdden a mnoho lid\u00ed se ji\u017e t\u011b\u0161\u00ed na v\u00edkend, kter\u00fd je v dohledu mnohem l\u00e9pe ne\u017e v pond\u011bl\u00ed a v \u00fater\u00fd. St\u011bhov\u00e1n\u00ed do zahrani\u010d\u00ed tak\u00e9 m\u016f\u017ee prob\u00edhat v no\u010dn\u00edch hodin\u00e1ch. Je to v\u00fdhodn\u00e9 zejm\u00e9na v l\u00e9t\u011b, kdy se t\u00edm vyhnete tropick\u00fdm vedr\u016fm. V noci je pak v tomto obdob\u00ed pom\u011brn\u011b p\u0159\u00edjemn\u00e9 teplo a st\u011bhov\u00e1n\u00ed za takov\u00fdch podm\u00ednek m\u016f\u017ee b\u00fdt i docela romantick\u00e9. A v \u010dervnu je tak\u00e9 u n\u00e1s velmi dlouh\u00fd den, co\u017e by tak\u00e9 mohlo p\u0159isp\u011bt k v\u011bt\u0161\u00ed fyzick\u00e9 i psychick\u00e9 pohod\u011b p\u0159i st\u011bhov\u00e1n\u00ed na dlouh\u00e9 vzd\u00e1lenosti.                                                                                                                                                                                                                                                                                                                                                                                          2.5\/5 - (2 votes)        "},{"@context":"https:\/\/schema.org\/","@type":"BreadcrumbList","itemListElement":[{"@type":"ListItem","position":1,"name":"O vlivu po\u010das\u00ed a podnebn\u00e9ho p\u00e1su na zahrani\u010dn\u00ed st\u011bhov\u00e1n\u00ed","item":"https:\/\/www.eopta.cz\/o-vlivu-pocasi-a-podnebneho-pasu-na-zahranicni-stehovani\/#breadcrumbitem"}]}]