[{"@context":"https:\/\/schema.org\/","@type":"Article","@id":"https:\/\/www.eopta.cz\/svetove-galerie\/#Article","mainEntityOfPage":"https:\/\/www.eopta.cz\/svetove-galerie\/","headline":"Sv\u011btov\u00e9 galerie","name":"Sv\u011btov\u00e9 galerie","description":"Sv\u00e9ho \u010dasu jsem se sv\u00fdmi kamar\u00e1dy a spolu\u017e\u00e1ky sout\u011b\u017eila v\u00a0tom, kdo nav\u0161t\u00edv\u00ed b\u011bhem cest a dovolen\u00fdch v\u00edc zn\u00e1m\u00fdch sv\u011btov\u00fdch galeri\u00ed. V\u00a0p\u00e1r jsem byla, ale zdaleka ne ve v\u0161ech. A u\u017e m\u011b jejich n\u00e1v\u0161t\u011bvy nebav\u00ed tolik, jako za studentsk\u00fdch let. U\u017e taky nem\u00e1m tolik r\u00e1da n\u00e1v\u0161t\u011bvy velk\u00fdch m\u011bst. Kdo ale aspo\u0148 trochu t\u00edhne k\u00a0um\u011bn\u00ed a r\u00e1d [&hellip;]","datePublished":"2025-03-03","dateModified":"2023-04-30","author":{"@type":"Person","@id":"https:\/\/www.eopta.cz\/author\/#Person","name":"","url":"https:\/\/www.eopta.cz\/author\/","identifier":1,"image":{"@type":"ImageObject","@id":"https:\/\/secure.gravatar.com\/avatar\/9cae764794acc12213aa530e21558ed2bd96c03f91e0c3ad21cc1905765be658?s=96&d=mm&r=g","url":"https:\/\/secure.gravatar.com\/avatar\/9cae764794acc12213aa530e21558ed2bd96c03f91e0c3ad21cc1905765be658?s=96&d=mm&r=g","height":96,"width":96}},"publisher":{"@type":"Organization","name":"eopta.cz","logo":{"@type":"ImageObject","@id":"\/logo.png","url":"\/logo.png","width":600,"height":60}},"image":{"@type":"ImageObject","@id":"https:\/\/www.eopta.cz\/wp-content\/uploads\/img_a301276_w2394_t1511353002.jpg","url":"https:\/\/www.eopta.cz\/wp-content\/uploads\/img_a301276_w2394_t1511353002.jpg","height":0,"width":0},"url":"https:\/\/www.eopta.cz\/svetove-galerie\/","wordCount":457,"articleBody":"Sv\u00e9ho \u010dasu jsem se sv\u00fdmi kamar\u00e1dy a spolu\u017e\u00e1ky sout\u011b\u017eila v\u00a0tom, kdo nav\u0161t\u00edv\u00ed b\u011bhem cest a dovolen\u00fdch v\u00edc zn\u00e1m\u00fdch sv\u011btov\u00fdch galeri\u00ed. V\u00a0p\u00e1r jsem byla, ale zdaleka ne ve v\u0161ech. A u\u017e m\u011b jejich n\u00e1v\u0161t\u011bvy nebav\u00ed tolik, jako za studentsk\u00fdch let. U\u017e taky nem\u00e1m tolik r\u00e1da n\u00e1v\u0161t\u011bvy velk\u00fdch m\u011bst.Kdo ale aspo\u0148 trochu t\u00edhne k\u00a0um\u011bn\u00ed a r\u00e1d cestuje, nem\u011bl by jejich n\u00e1v\u0161t\u011bvu vynechat. D\u016fle\u017eit\u00fd je p\u0159itom hlavn\u011b jeden faktor \u2013 dostatek \u010dasu. Jeden den obvykle nesta\u010d\u00ed, i kdy\u017e b\u011b\u017en\u00e9mu turistovi v\u011bt\u0161inou mus\u00ed. Soust\u0159e\u010fte se pak hlavn\u011b na to, co V\u00e1s zaj\u00edm\u00e1 \u2013 ur\u010dit\u00e9 obdob\u00ed nebo v\u00edce sochy, \u010di obrazy.\tP\u0159ehled nejzn\u00e1m\u011bj\u0161\u00edch galeri\u00edJsou to m\u00edsta, kter\u00e1 zalo\u017eili p\u0159ed stolet\u00edmi panovn\u00edci a jejich\u017e sb\u00edrky dosahuj\u00ed neskute\u010dn\u00fdch hodnot a tak\u00e9 objem\u016f. V\u00a0ka\u017ed\u00e9 uvid\u00edte n\u011bco trochu jin\u00e9ho, jin\u00e9 origin\u00e1ly, zn\u00e1m\u00e9, i ty m\u00e9n\u011b zn\u00e1m\u00e9.\u00b7\u00a0\u00a0\u00a0\u00a0\u00a0\u00a0\u00a0\u00a0 Pa\u0159\u00ed\u017esk\u00fd LouvreM\u00edsto zn\u00e1m\u00e9 i laik\u016fm d\u00edky filmu \u0160ifra mistra Leonarda a snad s\u00a0nejzn\u00e1m\u011bj\u0161\u00edm obrazem v\u0161ech dob \u2013 Monou Lisou. Ta V\u00e1s nakonec ale m\u016f\u017ee zklamat. Jednak se p\u0159ed n\u00ed t\u00edsn\u00ed mno\u017estv\u00ed lid\u00ed a jednak je jej\u00ed pov\u011bst asi v\u011bt\u0161\u00ed ne\u017e obraz s\u00e1m. L\u00e1k\u00e1 jinak na v\u00fdbornou expozici evropsk\u00e9ho mal\u00ed\u0159stv\u00ed od 15. do 19. stolet\u00ed. N\u011bkter\u00e9 dny je zde prodlou\u017een\u00e1 n\u00e1v\u0161t\u011bvn\u00ed doba a\u017e do pozdn\u00edch ve\u010dern\u00edch hodin.\u00b7\u00a0\u00a0\u00a0\u00a0\u00a0\u00a0\u00a0\u00a0 Petrohradsk\u00e1 Ermit\u00e1\u017eZde najdete jednu z\u00a0nejv\u011bt\u0161\u00edch a nejrozmanit\u011bj\u0161\u00edch sb\u00edrek um\u011bn\u00ed, kter\u00e1 byla chloubou rusk\u00fdch car\u016f. Byla jsem tam dvakr\u00e1t a st\u00e1le nevid\u011bla v\u0161e.\u00b7\u00a0\u00a0\u00a0\u00a0\u00a0\u00a0\u00a0\u00a0 Madridsk\u00e9 PradoJe zn\u00e1m\u00e9 hlavn\u011b svoj\u00ed bohatou sb\u00edrkou \u0161pan\u011blsk\u00e9ho um\u011bn\u00ed. Najdete v\u00a0n\u011bm d\u00edla od Vel\u00e1zqueze, Hieronyma Bosche, El Greca nebo Goyi.\u00b7\u00a0\u00a0\u00a0\u00a0\u00a0\u00a0\u00a0\u00a0 Mil\u00e1nsk\u00e1 Pinacoteca di BredaHlavn\u00edm l\u00e1kadlem jsou italsk\u00e1 renesan\u010dn\u00ed d\u00edla. N\u00e1dhern\u00e1 je i sama budova, v\u00a0n\u00ed\u017e se galerie nach\u00e1z\u00ed.\u00b7\u00a0\u00a0\u00a0\u00a0\u00a0\u00a0\u00a0\u00a0 Muzeum modern\u00edho um\u011bn\u00ed v\u00a0New YorkuJi\u017e z\u00a0n\u00e1zvu je jasn\u00e9, na jak\u00e9 epochy se muzeum soust\u0159ed\u00ed. Najdeme zde expozice v\u00fdtvarn\u00e9ho um\u011bn\u00ed, fotografie, i designu.\u00b7\u00a0\u00a0\u00a0\u00a0\u00a0\u00a0\u00a0\u00a0 Mnichovsk\u00e1 Alte PinakhotekZde jsou ukryty poklady hlavn\u011b n\u011bmeck\u00e9ho mal\u00ed\u0159stv\u00ed.\u00b7\u00a0\u00a0\u00a0\u00a0\u00a0\u00a0\u00a0\u00a0 Kunsthistorisches Museum ve V\u00eddniNajdete tu sb\u00edrky rodu Habsburk\u016f a d\u00edla od zvu\u010dn\u00fdch jmen jako Raffael, Rubens, D\u00fcrer a dal\u0161\u00ed.                                                                                                                                                                                                                                                                                                                                                                                        4\/5 - (5 votes)        "},{"@context":"https:\/\/schema.org\/","@type":"BreadcrumbList","itemListElement":[{"@type":"ListItem","position":1,"name":"Sv\u011btov\u00e9 galerie","item":"https:\/\/www.eopta.cz\/svetove-galerie\/#breadcrumbitem"}]}]