[{"@context":"https:\/\/schema.org\/","@type":"Article","@id":"https:\/\/www.eopta.cz\/takzvany-zeleny-zivotni-styl\/#Article","mainEntityOfPage":"https:\/\/www.eopta.cz\/takzvany-zeleny-zivotni-styl\/","headline":"Takzvan\u00fd zelen\u00fd \u017eivotn\u00ed styl","name":"Takzvan\u00fd zelen\u00fd \u017eivotn\u00ed styl","description":"V dne\u0161n\u00ed dob\u011b je velice d\u016fle\u017eit\u00e9 abychom se \u010dasto zam\u00fd\u0161leli nad t\u00edm, jak bude na\u0161e planeta vypadat v budoucnosti. Je toti\u017e jej\u00ed stav moment\u00e1ln\u011b alarmuj\u00edc\u00ed. P\u0159ece a\u017e tolik nevad\u00ed, kolik je obyvatel na Zemi. Ale v\u011bt\u0161\u00ed probl\u00e9my jsou zp\u016fsobeny t\u00edm, \u017ee se chov\u00e1me neohledupln\u011b a je n\u00e1m jej\u00ed stav \u00fapln\u011b jedno. A pokud chceme zachovat [&hellip;]","datePublished":"2022-03-22","dateModified":"2023-04-30","author":{"@type":"Person","@id":"https:\/\/www.eopta.cz\/author\/#Person","name":"","url":"https:\/\/www.eopta.cz\/author\/","identifier":1,"image":{"@type":"ImageObject","@id":"https:\/\/secure.gravatar.com\/avatar\/9cae764794acc12213aa530e21558ed2bd96c03f91e0c3ad21cc1905765be658?s=96&d=mm&r=g","url":"https:\/\/secure.gravatar.com\/avatar\/9cae764794acc12213aa530e21558ed2bd96c03f91e0c3ad21cc1905765be658?s=96&d=mm&r=g","height":96,"width":96}},"publisher":{"@type":"Organization","name":"eopta.cz","logo":{"@type":"ImageObject","@id":"\/logo.png","url":"\/logo.png","width":600,"height":60}},"image":{"@type":"ImageObject","@id":"https:\/\/www.eopta.cz\/wp-content\/uploads\/tandem-bike-905067_640.jpg","url":"https:\/\/www.eopta.cz\/wp-content\/uploads\/tandem-bike-905067_640.jpg","height":0,"width":0},"url":"https:\/\/www.eopta.cz\/takzvany-zeleny-zivotni-styl\/","about":["\u017divotn\u00ed styl"],"wordCount":448,"articleBody":"V dne\u0161n\u00ed dob\u011b je velice d\u016fle\u017eit\u00e9 abychom se \u010dasto zam\u00fd\u0161leli nad t\u00edm, jak bude na\u0161e planeta vypadat v budoucnosti. Je toti\u017e jej\u00ed stav moment\u00e1ln\u011b alarmuj\u00edc\u00ed. P\u0159ece a\u017e tolik nevad\u00ed, kolik je obyvatel na Zemi. Ale v\u011bt\u0161\u00ed probl\u00e9my jsou zp\u016fsobeny t\u00edm, \u017ee se chov\u00e1me neohledupln\u011b a je n\u00e1m jej\u00ed stav \u00fapln\u011b jedno. A pokud chceme zachovat n\u011bjakou p\u0159\u00edrodu na\u0161im d\u011btem a jejich d\u011btem je na \u010dase s t\u00edm n\u011bco ud\u011blat. P\u0159ece nechcete, aby se dal\u0161\u00ed generace do\u010dkaly toho, \u017ee nebude dost j\u00eddla nebo pitn\u00e9 vody pro v\u0161echny. A to sam\u00e9 plat\u00ed i pro ovzdu\u0161\u00ed. A sta\u010d\u00ed tak m\u00e1lo. Aby ka\u017ed\u00fd z n\u00e1s za\u010dal s\u00e1m u sebe.A rozhodl se mal\u00fdmi zm\u011bnami ovlivnit cel\u00fd sv\u011bt. Sna\u017eit se co nejv\u00edce splynout s p\u0159\u00edrodou. A za\u010d\u00edt nap\u0159\u00edklad t\u00edm, \u017ee se budeme sna\u017eit objem vyprodukovan\u00e9ho odpadu. A taky za\u010d\u00edt, pokud u\u017e to ji\u017e ned\u011bl\u00e1te t\u0159\u00eddit odpad. Taky m\u016f\u017eete zakupovat jen v\u00fdrobky, kter\u00e9 jsou recyklovan\u00e9. A to sam\u00e9 plat\u00ed i s energiemi. Je skv\u011bl\u00e9, kdy\u017e se sna\u017e\u00edte omezit i jejich pl\u00fdtv\u00e1n\u00ed. A to t\u0159eba t\u00edm, \u017ee budete d\u00e1vat p\u0159ednost sprchov\u00e1n\u00ed p\u0159ed vanou. A t\u0159eba si m\u016f\u017eete i zakoupit sprchov\u00e9 hlavice, kter\u00e9 jsou \u00fasporn\u00e9. D\u00e1le budete vyp\u00ednat vodu, kdy\u017e si \u010dist\u00edte zuby. Jsou to mali\u010dkosti, ale pokud je budete d\u011blat pravideln\u011b budete obrovsky p\u0159isp\u00edvat. To sam\u00e9 plat\u00ed u topen\u00ed. Nemus\u00edte m\u00edt doma p\u0159ece za ka\u017edou cenu p\u0159etopeno. Sta\u010d\u00ed m\u00edt pokoje vytopen\u00e9 okolo dvaceti stup\u0148\u016f celsia. A je to \u00fapln\u011b akor\u00e1t. V lo\u017enici by se dokonce m\u011bla teplota pohybovat pod dvacet stup\u0148\u016f celsia. A to v\u0161e p\u0159isp\u00edv\u00e1 k udr\u017een\u00ed spr\u00e1vn\u00e9ho prost\u0159ed\u00ed pro n\u00e1\u0161 \u017eivot. Tak\u00e9 kdy\u017e vym\u011bn\u00edte ve sv\u00e9 dom\u00e1cnosti v\u0161echny \u017e\u00e1rovky za Led, u\u0161et\u0159\u00edte okolo osmdes\u00e1ti procent. A to u\u017e je viditeln\u00e9. A sta\u010d\u00ed takhle m\u00e1lo. Jsou to jen z\u00e1kladn\u00ed v\u011bci, kter\u00e9 pomohou. Kdyby to d\u011blal ka\u017ed\u00fd z n\u00e1s jen t\u011bchto p\u00e1r v\u011bc\u00ed, zm\u011bnili bychom cel\u00fd sv\u011bt. A pokud vlastn\u00edte d\u016fm, pop\u0159em\u00fd\u0161lejte nad t\u00edm, zda-li nebude lep\u0161\u00ed, kdy\u017e p\u0159ejdete na obnoviteln\u00e9 zdroje elektrick\u00e9 energie jako je: sol\u00e1rn\u00ed, v\u011btrn\u00e1 nebo vodn\u00ed. V budoucnosti tyto zm\u011bny budou pro n\u00e1s v\u0161echny z\u00e1sadn\u00ed.\u00a0                                                                                                                                                                                                                                                                                                                                                                                        3.9\/5 - (8 votes)        "},{"@context":"https:\/\/schema.org\/","@type":"BreadcrumbList","itemListElement":[{"@type":"ListItem","position":1,"name":"Takzvan\u00fd zelen\u00fd \u017eivotn\u00ed styl","item":"https:\/\/www.eopta.cz\/takzvany-zeleny-zivotni-styl\/#breadcrumbitem"}]}]